{"id":1512,"date":"2015-10-15T20:50:00","date_gmt":"2015-10-15T23:50:00","guid":{"rendered":"https:\/\/www.oterogroup.com\/?p=1512"},"modified":"2022-06-29T22:11:24","modified_gmt":"2022-06-30T01:11:24","slug":"proyecto-de-ley-convenio-para-evitar-la-doble-imposicion-entre-uruguay-y-el-gran-ducado-de-luxemburgo","status":"publish","type":"post","link":"https:\/\/www.oterogroup.com\/en\/proyecto-de-ley-convenio-para-evitar-la-doble-imposicion-entre-uruguay-y-el-gran-ducado-de-luxemburgo\/","title":{"rendered":"Proyecto de Ley \u2013 Convenio para evitar la doble imposici\u00f3n entre Uruguay y el Gran Ducado de Luxemburgo"},"content":{"rendered":"<p>Proyecto de Ley<\/p>\n\n\n\n<p>Convenio entre la Rep\u00fablica Oriental del Uruguay y el Gran Ducado de Luxemburgo para evitar la doble imposici\u00f3n y prevenir la evasi\u00f3n fiscal en materia de impuestos sobre la renta y sobre el patrimonio, firmado en la ciudad de Bruselas, B\u00e9lgica, el 10 de marzo de 2015.<\/p>\n\n\n\t\t<style>\r\n            #h5vp69efb05cd0e90 iframe {  width: 100%; }        <\/style>\r\n        \t    <div id=\"h5vp69efb05cd0e90\" class=\"pdfp_wrapper\">\r\n                        <div class=\"cta_wrapper\">\r\n                \t            <p><a class=\"fullscreenBtn\" href=\"https:\/\/www.oterogroup.com\/wp-content\/plugins\/pdf-poster\/pdfjs\/web\/viewer.html?file=https:\/\/www.oterogroup.com\/wp-content\/uploads\/2015\/10\/mrree_3892.pdf&#038;download=true&#038;print=false&#038;openfile=false\"><button>View Fullscreen<\/button><\/a><\/p>\r\n            <\/div>\r\n            <div class=\"iframe_wrapper\">\r\n                <iframe loading=\"lazy\" width=\"100%\" height=\"1122px\" src=\"https:\/\/www.oterogroup.com\/wp-content\/plugins\/pdf-poster\/pdfjs\/web\/viewer.html?file=https:\/\/www.oterogroup.com\/wp-content\/uploads\/2015\/10\/mrree_3892.pdf&#038;download=true&#038;print=false&#038;openfile=false\"><\/iframe>\r\n            <\/div>\r\n\t    <\/div>","protected":false},"excerpt":{"rendered":"<p>Proyecto de Ley Convenio entre la Rep\u00fablica Oriental del Uruguay y el Gran Ducado de Luxemburgo para evitar la doble imposici\u00f3n y prevenir la evasi\u00f3n fiscal en materia de impuestos sobre la renta y sobre el patrimonio, firmado en la ciudad de Bruselas, B\u00e9lgica, el 10 de marzo de 2015.<\/p>","protected":false},"author":2,"featured_media":2140,"comment_status":"open","ping_status":"open","sticky":false,"template":"","format":"standard","meta":{"footnotes":""},"categories":[11],"tags":[],"class_list":["post-1512","post","type-post","status-publish","format-standard","has-post-thumbnail","hentry","category-noticias-internacionales"],"acf":[],"_links":{"self":[{"href":"https:\/\/www.oterogroup.com\/en\/wp-json\/wp\/v2\/posts\/1512","targetHints":{"allow":["GET"]}}],"collection":[{"href":"https:\/\/www.oterogroup.com\/en\/wp-json\/wp\/v2\/posts"}],"about":[{"href":"https:\/\/www.oterogroup.com\/en\/wp-json\/wp\/v2\/types\/post"}],"author":[{"embeddable":true,"href":"https:\/\/www.oterogroup.com\/en\/wp-json\/wp\/v2\/users\/2"}],"replies":[{"embeddable":true,"href":"https:\/\/www.oterogroup.com\/en\/wp-json\/wp\/v2\/comments?post=1512"}],"version-history":[{"count":2,"href":"https:\/\/www.oterogroup.com\/en\/wp-json\/wp\/v2\/posts\/1512\/revisions"}],"predecessor-version":[{"id":1545,"href":"https:\/\/www.oterogroup.com\/en\/wp-json\/wp\/v2\/posts\/1512\/revisions\/1545"}],"wp:featuredmedia":[{"embeddable":true,"href":"https:\/\/www.oterogroup.com\/en\/wp-json\/wp\/v2\/media\/2140"}],"wp:attachment":[{"href":"https:\/\/www.oterogroup.com\/en\/wp-json\/wp\/v2\/media?parent=1512"}],"wp:term":[{"taxonomy":"category","embeddable":true,"href":"https:\/\/www.oterogroup.com\/en\/wp-json\/wp\/v2\/categories?post=1512"},{"taxonomy":"post_tag","embeddable":true,"href":"https:\/\/www.oterogroup.com\/en\/wp-json\/wp\/v2\/tags?post=1512"}],"curies":[{"name":"wp","href":"https:\/\/api.w.org\/{rel}","templated":true}]}}